{"id":420,"date":"2024-06-06T09:25:22","date_gmt":"2024-06-06T07:25:22","guid":{"rendered":"https:\/\/qufablab.de\/?p=420"},"modified":"2024-06-06T09:26:58","modified_gmt":"2024-06-06T07:26:58","slug":"hannover-messe-2024-aftermovie","status":"publish","type":"post","link":"https:\/\/qufablab.de\/en\/hannover-messe-2024-aftermovie\/","title":{"rendered":"Hannover Messe 2024 \u2013 Aftermovie"},"content":{"rendered":"<h2 class=\"wp-block-heading\">Hannover Messe 2024 \u2013 Aftermovie<\/h2>\n\n\n\n<figure class=\"wp-block-embed is-type-video is-provider-youtube wp-block-embed-youtube wp-embed-aspect-16-9 wp-has-aspect-ratio\"><div class=\"wp-block-embed__wrapper\">\n<iframe loading=\"lazy\" title=\"Hannover Messe 2024 Aftermovie I Your Quantum Future\" width=\"1140\" height=\"641\" src=\"https:\/\/www.youtube.com\/embed\/6LrESI7pW-I?feature=oembed\" frameborder=\"0\" allow=\"accelerometer; autoplay; clipboard-write; encrypted-media; gyroscope; picture-in-picture; web-share\" referrerpolicy=\"strict-origin-when-cross-origin\" allowfullscreen><\/iframe>\n<\/div><\/figure>\n\n\n\n<p>Eine Woche Hannover Messe in knapp drei Minuten zusammengefasst. Eine Woche drehte sich alles um Quanten. Eine Woche voll von tollen Gespr\u00e4chen, Vortr\u00e4gen und ganz viel Spa\u00df!<\/p>\n\n\n\n<p>Wir vom HRW FabLab bedanken uns bei allen Partnern, die das Messe Abenteuer begleitet haben und uns auch in Zukunft auf der \u201eYour Quantum Future\u201c Reise begleiten werden.<\/p>\n\n\n\n<p>Gef\u00f6rdert vom Bundesministerium f\u00fcr Bildung und Forschung.<\/p>\n\n\n\n<p>Musikquelle: www.musicfox.de<\/p>","protected":false},"excerpt":{"rendered":"<p>Hannover Messe 2024 \u2013 Aftermovie Eine Woche Hannover Messe in knapp drei Minuten zusammengefasst. Eine Woche drehte sich alles um Quanten. Eine Woche voll von tollen Gespr\u00e4chen, Vortr\u00e4gen und ganz viel Spa\u00df! Wir vom HRW FabLab bedanken uns bei allen Partnern, die das Messe Abenteuer begleitet haben und uns auch in Zukunft auf der \u201eYour [&hellip;]<\/p>\n","protected":false},"author":1,"featured_media":421,"comment_status":"closed","ping_status":"closed","sticky":false,"template":"","format":"standard","meta":{"footnotes":""},"categories":[9],"tags":[],"post_folder":[],"class_list":{"0":"post-420","1":"post","2":"type-post","3":"status-publish","4":"format-standard","5":"has-post-thumbnail","7":"category-veranstaltungen-und-messen","8":"czr-hentry"},"_links":{"self":[{"href":"https:\/\/qufablab.de\/en\/wp-json\/wp\/v2\/posts\/420","targetHints":{"allow":["GET"]}}],"collection":[{"href":"https:\/\/qufablab.de\/en\/wp-json\/wp\/v2\/posts"}],"about":[{"href":"https:\/\/qufablab.de\/en\/wp-json\/wp\/v2\/types\/post"}],"author":[{"embeddable":true,"href":"https:\/\/qufablab.de\/en\/wp-json\/wp\/v2\/users\/1"}],"replies":[{"embeddable":true,"href":"https:\/\/qufablab.de\/en\/wp-json\/wp\/v2\/comments?post=420"}],"version-history":[{"count":2,"href":"https:\/\/qufablab.de\/en\/wp-json\/wp\/v2\/posts\/420\/revisions"}],"predecessor-version":[{"id":424,"href":"https:\/\/qufablab.de\/en\/wp-json\/wp\/v2\/posts\/420\/revisions\/424"}],"wp:featuredmedia":[{"embeddable":true,"href":"https:\/\/qufablab.de\/en\/wp-json\/wp\/v2\/media\/421"}],"wp:attachment":[{"href":"https:\/\/qufablab.de\/en\/wp-json\/wp\/v2\/media?parent=420"}],"wp:term":[{"taxonomy":"category","embeddable":true,"href":"https:\/\/qufablab.de\/en\/wp-json\/wp\/v2\/categories?post=420"},{"taxonomy":"post_tag","embeddable":true,"href":"https:\/\/qufablab.de\/en\/wp-json\/wp\/v2\/tags?post=420"},{"taxonomy":"post_folder","embeddable":true,"href":"https:\/\/qufablab.de\/en\/wp-json\/wp\/v2\/post_folder?post=420"}],"curies":[{"name":"wp","href":"https:\/\/api.w.org\/{rel}","templated":true}]}}